{"id":12179,"date":"2026-04-23T10:12:25","date_gmt":"2026-04-23T08:12:25","guid":{"rendered":"https:\/\/csvcuneo.it\/rivista\/?p=12179"},"modified":"2026-04-23T13:52:11","modified_gmt":"2026-04-23T11:52:11","slug":"verso-il-triennio-2026-2028-intervista-al-presidente-massimo-maria-macagno","status":"publish","type":"post","link":"https:\/\/csvcuneo.it\/rivista\/verso-il-triennio-2026-2028-intervista-al-presidente-massimo-maria-macagno\/","title":{"rendered":"Verso il triennio 2026-2028: Intervista al Presidente Massimo Maria Macagno"},"content":{"rendered":"<div class=\"wpb-content-wrapper\"><p>[vc_row full_width=&#8221;stretch_row&#8221; css=&#8221;.vc_custom_1701252933499{background-color: #c11f3f !important;}&#8221;][vc_column][vc_custom_heading text=&#8221;Verso il triennio 2026-2028: intervista al<br \/>\nPresidente Massimo Maria Macagno&#8221; font_container=&#8221;tag:h1|text_align:center|color:%23ffffff&#8221; use_theme_fonts=&#8221;yes&#8221; css=&#8221;&#8221;][vc_empty_space height=&#8221;16px&#8221;][vc_column_text css=&#8221;&#8221;]<\/p>\n<p style=\"text-align: center;\"><span style=\"color: #000000;\"><em><span style=\"color: #000000;\">La parola a<\/span><\/em><\/span><\/p>\n<p>[\/vc_column_text][\/vc_column][\/vc_row][vc_row full_width=&#8221;stretch_row&#8221;][vc_column offset=&#8221;vc_col-lg-offset-2 vc_col-lg-8 vc_hidden-xs&#8221;][vc_custom_heading text=&#8221;\u201cIl mio sogno \u00e8 vedere le associazioni di un territorio lavorare insieme<br \/>\nstabilmente: dalla nascita delle idee alla pianificazione delle risorse, umane ed economiche\u201d&#8221; font_container=&#8221;tag:h2|text_align:center|color:%23c11f3f&#8221; use_theme_fonts=&#8221;yes&#8221; css=&#8221;&#8221;][vc_empty_space height=&#8221;28px&#8221;][\/vc_column][\/vc_row][vc_row full_width=&#8221;stretch_row_content_no_spaces&#8221;][vc_column][\/vc_column][\/vc_row][vc_row full_width=&#8221;stretch_row_content_no_spaces&#8221;][vc_column][vc_single_image image=&#8221;12181&#8243; img_size=&#8221;full&#8221; add_caption=&#8221;yes&#8221; alignment=&#8221;center&#8221; css=&#8221;&#8221;][\/vc_column][\/vc_row][vc_row][vc_column offset=&#8221;vc_col-lg-offset-1 vc_col-lg-10&#8243;][vc_empty_space][vc_row_inner][vc_column_inner][vc_column_text css=&#8221;&#8221;]<\/p>\n<h5>Marted\u00ec 21 aprile 2025, si \u00e8 tenuta un&#8217;assemblea intensa e partecipata che ha visto coinvolti i 335 soci di <strong>Societ\u00e0 Solidale ETS<\/strong>. Con una presenza superiore al 70%, l\u2019assemblea ha rinnovato gli organi sociali per il triennio 2026-2028, confermando la fiducia al Presidente uscente.<\/h5>\n<p>[\/vc_column_text][vc_separator color=&#8221;custom&#8221; style=&#8221;dotted&#8221; border_width=&#8221;4&#8243; accent_color=&#8221;#c11f3f&#8221;][vc_column_text css=&#8221;&#8221;]<em>Abbiamo rivolto alcune domande a <strong>Massimo Maria Macagno<\/strong> per tracciare un bilancio del lavoro svolto e delineare le sfide future del volontariato locale.<\/em><\/p>\n<p><strong>Presidente, dopo tre anni alla guida di Societ\u00e0 Solidale ETS, a che punto siamo arrivati? Come intende consolidare i risultati raggiunti?<\/strong><\/p>\n<p>\u00abIn questi tre anni abbiamo lavorato in continuit\u00e0 con il percorso iniziato nove anni fa da Mario Figoni, realizzando le grandi trasformazioni dettate dal nuovo quadro normativo del Terzo Settore. Oggi siamo pi\u00f9 radicati nel territorio, ma contemporaneamente presenti nella compagine regionale e nazionale: strumenti fondamentali per portare le istanze delle nostre Associazioni ai tavoli decisionali.<\/p>\n<p>Le sfide sono chiare: sviluppare il volontariato, favorire il ricambio generazionale e, soprattutto, aiutare le Associazioni a dotarsi di nuovi strumenti. Fare volontariato oggi \u00e8 profondamente diverso rispetto a vent&#8217;anni fa: utilizzare vecchie modalit\u00e0 operative rischia di essere inefficace fronte allo straordinario cambiamento sociale in atto\u00bb.<\/p>\n<p><strong>Come funziona l&#8217;esperienza di CSVnet Piemonte e quali sono le prospettive future?<\/strong><\/p>\n<p>\u00abL&#8217;adesione alla rete dei cinque CSV del Piemonte \u00e8 strategica. La collaborazione permette di realizzare servizi comuni con maggiore efficacia, efficienza e una riduzione dei costi, ampliando l&#8217;offerta per le associazioni.<\/p>\n<p>Fare rete significa parlare con una voce sola nei confronti della Regione e delle Fondazioni di origine bancaria. Le prospettive su cui lavoriamo mirano a consolidare i rapporti con le forze politiche: vogliamo che le scelte legislative siano pienamente consapevoli delle esigenze e delle peculiarit\u00e0 del volontariato, pilastro della vita quotidiana dei cittadini\u00bb.<\/p>\n<p><strong>A fronte di un volontariato che diventa sempre pi\u00f9 individuale, come pu\u00f2 rispondere il sistema dei Centri di Servizio al volontariato?<\/strong><\/p>\n<p>\u00abIl bisogno di aiutare gli altri \u00e8 rimasto immutato, ma \u00e8 cambiato radicalmente il modo in cui le persone sono disposte a impegnarsi. Questo impone alle organizzazioni un cambio di <em>vision<\/em>: non \u00e8 facile, bisogna cambiare ottica e atteggiamento. Il CSV, attraverso il supporto tecnico, la formazione e la condivisione di conoscenze, ha il compito di accompagnare questa trasformazione necessaria, rendendola il meno &#8220;dolorosa&#8221; possibile per le realt\u00e0\u00bb.<\/p>\n<p><strong>Quale obiettivo o &#8220;sogno&#8221; si pone per questo nuovo triennio?<\/strong><\/p>\n<p>\u00abMi piacerebbe aumentare ulteriormente il numero delle associazioni socie, coprendo in modo capillare tutte le aree della nostra provincia. Il mio sogno \u00e8 vedere le Associazioni di un territorio lavorare insieme stabilmente: dalla nascita delle idee alla pianificazione delle risorse, umane ed economiche. Infine, l&#8217;obiettivo resta quello di creare un legame sempre pi\u00f9 forte con le istituzioni locali, provinciali e regionali, per far s\u00ec che le istanze del nostro territorio arrivino con forza a livello nazionale\u00bb.<\/p>\n<p><em>Sul <a href=\"https:\/\/www.csvcuneo.it\/gli-organi-sociali-del-csv-cuneo\/\" target=\"_blank\" rel=\"noopener\">sito CSV<\/a> gli organi sociali eletti dall&#8217;assemblea<\/em>.<\/p>\n<p style=\"text-align: right;\"><em>Elisa Girardo<\/em><\/p>\n<p>[\/vc_column_text][\/vc_column_inner][\/vc_row_inner][\/vc_column][\/vc_row]<\/p>\n<\/div>","protected":false},"excerpt":{"rendered":"<p>L&#8217;intervista al Presidente di Societ\u00e0 Solidale ETS appena rieletto<\/p>\n","protected":false},"author":4,"featured_media":12180,"comment_status":"closed","ping_status":"closed","sticky":false,"template":"","format":"standard","meta":{"footnotes":""},"categories":[18,5,3],"tags":[],"class_list":["post-12179","post","type-post","status-publish","format-standard","has-post-thumbnail","hentry","category-in-evidenza","category-intervista","category-la-parola-a","category-18","category-5","category-3","description-off"],"_links":{"self":[{"href":"https:\/\/csvcuneo.it\/rivista\/wp-json\/wp\/v2\/posts\/12179","targetHints":{"allow":["GET"]}}],"collection":[{"href":"https:\/\/csvcuneo.it\/rivista\/wp-json\/wp\/v2\/posts"}],"about":[{"href":"https:\/\/csvcuneo.it\/rivista\/wp-json\/wp\/v2\/types\/post"}],"author":[{"embeddable":true,"href":"https:\/\/csvcuneo.it\/rivista\/wp-json\/wp\/v2\/users\/4"}],"replies":[{"embeddable":true,"href":"https:\/\/csvcuneo.it\/rivista\/wp-json\/wp\/v2\/comments?post=12179"}],"version-history":[{"count":5,"href":"https:\/\/csvcuneo.it\/rivista\/wp-json\/wp\/v2\/posts\/12179\/revisions"}],"predecessor-version":[{"id":12187,"href":"https:\/\/csvcuneo.it\/rivista\/wp-json\/wp\/v2\/posts\/12179\/revisions\/12187"}],"wp:featuredmedia":[{"embeddable":true,"href":"https:\/\/csvcuneo.it\/rivista\/wp-json\/wp\/v2\/media\/12180"}],"wp:attachment":[{"href":"https:\/\/csvcuneo.it\/rivista\/wp-json\/wp\/v2\/media?parent=12179"}],"wp:term":[{"taxonomy":"category","embeddable":true,"href":"https:\/\/csvcuneo.it\/rivista\/wp-json\/wp\/v2\/categories?post=12179"},{"taxonomy":"post_tag","embeddable":true,"href":"https:\/\/csvcuneo.it\/rivista\/wp-json\/wp\/v2\/tags?post=12179"}],"curies":[{"name":"wp","href":"https:\/\/api.w.org\/{rel}","templated":true}]}}