{"id":12188,"date":"2026-04-23T14:09:30","date_gmt":"2026-04-23T12:09:30","guid":{"rendered":"https:\/\/csvcuneo.it\/rivista\/?p=12188"},"modified":"2026-04-23T14:10:04","modified_gmt":"2026-04-23T12:10:04","slug":"ascolto-accoglienza-aiuto-e-amicizia-le-quattro-a-dellassociazione-a-fidati-per-combattere-i-disturbi-alimentari-e-dare-sostegno-alle-famiglie","status":"publish","type":"post","link":"https:\/\/csvcuneo.it\/rivista\/ascolto-accoglienza-aiuto-e-amicizia-le-quattro-a-dellassociazione-a-fidati-per-combattere-i-disturbi-alimentari-e-dare-sostegno-alle-famiglie\/","title":{"rendered":"ASCOLTO, ACCOGLIENZA, AIUTO E AMICIZIA: LE QUATTRO A DELL\u2019ASSOCIAZIONE A-FIDATI PER COMBATTERE I DISTURBI ALIMENTARI E DARE SOSTEGNO ALLE FAMIGLIE"},"content":{"rendered":"<div class=\"wpb-content-wrapper\"><p>[vc_row full_width=&#8221;stretch_row&#8221; css=&#8221;.vc_custom_1701252641639{background-color: #88ac28 !important;}&#8221;][vc_column][vc_custom_heading text=&#8221;ASCOLTO, ACCOGLIENZA, AIUTO E AMICIZIA: LE QUATTRO A DELL\u2019ASSOCIAZIONE A-FIDATI PER COMBATTERE I DISTURBI ALIMENTARI E DARE SOSTEGNO ALLE FAMIGLIE&#8221; font_container=&#8221;tag:h1|text_align:center|color:%23ffffff&#8221; use_theme_fonts=&#8221;yes&#8221; css=&#8221;&#8221;][vc_empty_space height=&#8221;16px&#8221;][vc_column_text css=&#8221;&#8221;]<\/p>\n<p style=\"text-align: center;\"><em>Progetti, racconti e testimonianze<\/em><\/p>\n<p>[\/vc_column_text][\/vc_column][\/vc_row][vc_row full_width=&#8221;stretch_row&#8221;][vc_column offset=&#8221;vc_col-lg-offset-2 vc_col-lg-8 vc_hidden-xs&#8221;][vc_custom_heading text=&#8221;\u201cInsieme \u00e8 meglio per affrontare<br \/>\ni momenti di sofferenza\u201d&#8221; font_container=&#8221;tag:h2|text_align:center|color:%2388ac28&#8243; use_theme_fonts=&#8221;yes&#8221; css=&#8221;&#8221;][vc_empty_space height=&#8221;28px&#8221;][\/vc_column][\/vc_row][vc_row][vc_column][vc_empty_space][vc_single_image image=&#8221;12189&#8243; img_size=&#8221;full&#8221; add_caption=&#8221;yes&#8221; alignment=&#8221;center&#8221; css=&#8221;&#8221;][vc_empty_space][\/vc_column][\/vc_row][vc_row][vc_column offset=&#8221;vc_col-lg-offset-1 vc_col-lg-10&#8243;][vc_empty_space][vc_row_inner][vc_column_inner][vc_column_text css=&#8221;&#8221;]<\/p>\n<h5><strong>I disturbi alimentari sono la punta dell\u2019iceberg del sentirsi silenziati e distaccati dall\u2019ascolto della propria voce interiore.<\/strong><\/h5>\n<p>[\/vc_column_text][vc_separator color=&#8221;custom&#8221; style=&#8221;dotted&#8221; border_width=&#8221;4&#8243; accent_color=&#8221;#88ac28&#8243;][vc_column_text css=&#8221;&#8221;]Parte da questa convinzione l\u2019attivit\u00e0 dell\u2019associazione A-Fidati ODV che dal 2019 opera sul territorio per dare sostegno alle famiglie che hanno al loro interno un figlio con disturbi alimentari.<\/p>\n<p><em>\u00ab<\/em>Conosciamo bene le complessit\u00e0 delle patologie legate ai disturbi alimentari \u2013 dichiara la presidente dell\u2019associazione Maura Acconci &#8211; e per questo intendiamo trasmettere la certezza che insieme \u00e8 meglio per affrontare i momenti di sofferenza, di difficolt\u00e0 e smarrimento con i quali ci dobbiamo confrontare quotidianamente; non abbiamo la bacchetta magica, ma vogliamo offrire un abbraccio per aiutare altri famigliari a sentirsi meno soli\u00bb.<\/p>\n<p>Il nome A-Fidati \u00e8 un gioco di parole tra Fidati e Affidati, con la lettera A che richiama la missione dell\u2019associazione: Ascoltare, Accogliere, Aiutare e dimostrare Amicizia verso chi ogni giorno si trova a dover affrontare con timore le emozioni opprimenti che vivono i nostri cari: Angoscia, Abbandono, mancanza di Autostima, Ansia.<\/p>\n<p>Nata per dare supporto alle famiglie negli anni l\u2019associazione ha ampliato le proprie attivit\u00e0 e ha intrapreso progetti volti anche a sostenere i ragazzi. In questo contesto \u00e8 nato il percorso \u201cUnicit\u00e0 che si incontrano\u201d.<\/p>\n<p>Il laboratorio, guidato dalla psicoterapeuta Mara Olocco, ha posto l\u2019attenzione al corpo nello spazio e con gli altri e alla sua possibilit\u00e0 di espressione libera dai vincoli della quotidianit\u00e0 e dai giudizi che si pensa possano attivarsi e che si attivano in s\u00e9. Linguaggi diversi come quello del teatro hanno permesso di promuovere la gentilezza verso il proprio corpo, che diventa cura e pu\u00f2 migliorare l\u2019autostima. Tutto il percorso ha cercato di riportare l\u2019attenzione all\u2019infanzia e al gioco, alla necessit\u00e0 di recuperare nelle diverse fasi evolutive la spontaneit\u00e0 e la leggerezza del fare per stare.<\/p>\n<p>I ragazzi hanno usato il laboratorio per creare una forma di s\u00e9, hanno creato una modalit\u00e0 per andare oltre il giudizio e sono riusciti a integrare l\u2019esperienza del corpo nella narrazione di s\u00e9.<\/p>\n<p>Un altro importante progetto, che quest\u2019anno ha visto coinvolti le scuole primarie degli istituti comprensivi di Centallo e Dronero \u00e8 \u201cImpronte di me\u201d. Il percorso ha utilizzato il metodo della globalit\u00e0 dei linguaggi per informare e sensibilizzare i bambini.<\/p>\n<p>Guidati alla professionista Alessia Cipolletta i piccoli studenti hanno avuto la possibilit\u00e0 di venire a contatto con le proprie emozioni per poi saperle esprimere.<\/p>\n<p>Il percorso ha messo in luce un grande bisogno di essere ascoltati, di raccontare cosa avviene nelle loro piccole vite. \u00c8 emerso che gi\u00e0 a 8\/9 ani i bambini hanno problemi di ansia, soffrono e hanno paura di essere giudicati.<\/p>\n<p>Spiega ancora la presidente Maura Acconci: \u00abCi arrivano chiamate da genitori di bambini sempre pi\u00f9 piccoli, abbiamo capito che \u00e8 necessario parlare del tema, \u00e8 fondamentale che venga fatta sensibilizzazione nelle scuole. Per questo motivo, a fianco della nostra attivit\u00e0 primaria, che \u00e8 quella di sostegno alle famiglie, abbiamo attivato queste attivit\u00e0 nelle scuole. Grazie al supporto di professionisti che lavorano con l\u2019associazione, riusciamo a intercettare i bisogni dei bambini e dei ragazzi\u00bb.<\/p>\n<p>A fianco di questi progetti l\u2019associazione continua la sua attivit\u00e0 con le famiglie: una volta al mese viene organizzato un incontro online con la psicoterapeuta Francesca Pirotti, uno spazio di confronto dove possono essere fatte domande e dove si ricevono consigli.<\/p>\n<p>Insieme a un professionista viene anche organizzato un gruppo di auto mutuo aiuto per genitori e infine \u00e8 attivo uno sportello con un team di esperti pagati dall\u2019associazione. Le famiglie possono ricevere un primo consulto da una squadra composta dallo psichiatra, da due nutrizioniste e dalla psicologa. Un modo per accorciare i tempi di attesa del pubblico e per poter attivare percorsi di accompagnamento mirato.<\/p>\n<p><em>Per maggiori informazioni visitare il sito www.a-fidati.com.<\/em><\/p>\n<p style=\"text-align: right;\"><em>Elisa Girardo<\/em><\/p>\n<p>[\/vc_column_text][\/vc_column_inner][\/vc_row_inner][\/vc_column][\/vc_row][vc_row full_width=&#8221;stretch_row_content_no_spaces&#8221;][vc_column][vc_empty_space][vc_single_image image=&#8221;12191&#8243; img_size=&#8221;full&#8221; alignment=&#8221;center&#8221; css=&#8221;&#8221;][\/vc_column][\/vc_row]<\/p>\n<\/div>","protected":false},"excerpt":{"rendered":"<p>Le quattro A di A-Fidati ODV per combattere i disturbi alimentari<\/p>\n","protected":false},"author":4,"featured_media":12190,"comment_status":"closed","ping_status":"closed","sticky":false,"template":"","format":"standard","meta":{"footnotes":""},"categories":[18,4],"tags":[],"class_list":["post-12188","post","type-post","status-publish","format-standard","has-post-thumbnail","hentry","category-in-evidenza","category-progetti-racconti-e-testimonianze","category-18","category-4","description-off"],"_links":{"self":[{"href":"https:\/\/csvcuneo.it\/rivista\/wp-json\/wp\/v2\/posts\/12188","targetHints":{"allow":["GET"]}}],"collection":[{"href":"https:\/\/csvcuneo.it\/rivista\/wp-json\/wp\/v2\/posts"}],"about":[{"href":"https:\/\/csvcuneo.it\/rivista\/wp-json\/wp\/v2\/types\/post"}],"author":[{"embeddable":true,"href":"https:\/\/csvcuneo.it\/rivista\/wp-json\/wp\/v2\/users\/4"}],"replies":[{"embeddable":true,"href":"https:\/\/csvcuneo.it\/rivista\/wp-json\/wp\/v2\/comments?post=12188"}],"version-history":[{"count":3,"href":"https:\/\/csvcuneo.it\/rivista\/wp-json\/wp\/v2\/posts\/12188\/revisions"}],"predecessor-version":[{"id":12194,"href":"https:\/\/csvcuneo.it\/rivista\/wp-json\/wp\/v2\/posts\/12188\/revisions\/12194"}],"wp:featuredmedia":[{"embeddable":true,"href":"https:\/\/csvcuneo.it\/rivista\/wp-json\/wp\/v2\/media\/12190"}],"wp:attachment":[{"href":"https:\/\/csvcuneo.it\/rivista\/wp-json\/wp\/v2\/media?parent=12188"}],"wp:term":[{"taxonomy":"category","embeddable":true,"href":"https:\/\/csvcuneo.it\/rivista\/wp-json\/wp\/v2\/categories?post=12188"},{"taxonomy":"post_tag","embeddable":true,"href":"https:\/\/csvcuneo.it\/rivista\/wp-json\/wp\/v2\/tags?post=12188"}],"curies":[{"name":"wp","href":"https:\/\/api.w.org\/{rel}","templated":true}]}}